{"id":2076,"date":"2019-12-12T11:12:38","date_gmt":"2019-12-12T10:12:38","guid":{"rendered":"https:\/\/www.accordion.cz\/?p=2076"},"modified":"2026-02-11T20:49:41","modified_gmt":"2026-02-11T19:49:41","slug":"6th-iad-2020","status":"publish","type":"post","link":"https:\/\/www.accordion.cz\/?p=2076&lang=de","title":{"rendered":"12. International Akkordeontage in Prag 2026"},"content":{"rendered":"\n<p>Bitte nehmen Sie unsere Einladung zum 12. Festival in der Zeit vom 22. &#8211; 25.10. 2026 an! Anmeldeschluss ist der 22. 9. 2026.<\/p>\n\n\n\n<p>Das Er\u00f6ffnungskonzert mit internationaler Beteiligung findet am Donnerstag im Saal des Museums f\u00fcr Angewandte Kunst statt. Am Freitag,  nach dem ersten Tag des Juniorenwettbewerbs, k\u00f6nnen wir uns auf ein GALA-Konzert freuen. <br>Am Samstag, den findet ein Wettbewerb mit Senioren, Orchestern und Orchestern statt, der mit einem Konzert der Preistr\u00e4ger endet. <br>Das Festival und der Wettbewerb im Konzertsaal des Wintergartens sind f\u00fcr die Zuschauer kostenlos.<\/p>\n","protected":false},"excerpt":{"rendered":"<p>Bitte nehmen Sie unsere Einladung zum 12. Festival in der Zeit vom 22. &#8211; 25.10. 2026 an! Anmeldeschluss ist der 22. 9. 2026. Das Er\u00f6ffnungskonzert mit internationaler Beteiligung findet am Donnerstag im Saal des Museums f\u00fcr Angewandte Kunst statt. Am&hellip; <\/p>\n","protected":false},"author":2,"featured_media":0,"comment_status":"closed","ping_status":"open","sticky":true,"template":"","format":"standard","meta":{"footnotes":""},"categories":[9],"tags":[],"class_list":["post-2076","post","type-post","status-publish","format-standard","hentry","category-nezarazene-de"],"_links":{"self":[{"href":"https:\/\/www.accordion.cz\/index.php?rest_route=\/wp\/v2\/posts\/2076"}],"collection":[{"href":"https:\/\/www.accordion.cz\/index.php?rest_route=\/wp\/v2\/posts"}],"about":[{"href":"https:\/\/www.accordion.cz\/index.php?rest_route=\/wp\/v2\/types\/post"}],"author":[{"embeddable":true,"href":"https:\/\/www.accordion.cz\/index.php?rest_route=\/wp\/v2\/users\/2"}],"replies":[{"embeddable":true,"href":"https:\/\/www.accordion.cz\/index.php?rest_route=%2Fwp%2Fv2%2Fcomments&post=2076"}],"version-history":[{"count":12,"href":"https:\/\/www.accordion.cz\/index.php?rest_route=\/wp\/v2\/posts\/2076\/revisions"}],"predecessor-version":[{"id":4914,"href":"https:\/\/www.accordion.cz\/index.php?rest_route=\/wp\/v2\/posts\/2076\/revisions\/4914"}],"wp:attachment":[{"href":"https:\/\/www.accordion.cz\/index.php?rest_route=%2Fwp%2Fv2%2Fmedia&parent=2076"}],"wp:term":[{"taxonomy":"category","embeddable":true,"href":"https:\/\/www.accordion.cz\/index.php?rest_route=%2Fwp%2Fv2%2Fcategories&post=2076"},{"taxonomy":"post_tag","embeddable":true,"href":"https:\/\/www.accordion.cz\/index.php?rest_route=%2Fwp%2Fv2%2Ftags&post=2076"}],"curies":[{"name":"wp","href":"https:\/\/api.w.org\/{rel}","templated":true}]}}