{"id":437,"date":"2026-03-10T09:23:27","date_gmt":"2026-03-10T08:23:27","guid":{"rendered":"https:\/\/www.accordion.cz\/sca\/?p=437"},"modified":"2026-04-14T21:53:58","modified_gmt":"2026-04-14T19:53:58","slug":"minifestival-v-ramci-svetoveho-dne-akordeonu-2026","status":"publish","type":"post","link":"http:\/\/www.accordion.cz\/sca\/2026\/03\/10\/minifestival-v-ramci-svetoveho-dne-akordeonu-2026\/","title":{"rendered":"Minifestival v r\u00e1mci Sv\u011btov\u00e9ho dne akordeonu 2026"},"content":{"rendered":"\n<div data-wp-interactive=\"core\/file\" class=\"wp-block-file\"><object data-wp-bind--hidden=\"!state.hasPdfPreview\" hidden class=\"wp-block-file__embed\" data=\"https:\/\/www.accordion.cz\/sca\/wp-content\/uploads\/2026\/03\/WAD2026plakatCZ_corr2-kopie.pdf\" type=\"application\/pdf\" style=\"width:100%;height:600px\" aria-label=\"Vlo\u017eit z WAD2026plakatCZ_corr2 (kopie).\"><\/object><a id=\"wp-block-file--media-6a82b038-4f35-4f05-ae25-e67ca8647735\" href=\"https:\/\/www.accordion.cz\/sca\/wp-content\/uploads\/2026\/03\/WAD2026plakatCZ_corr2-kopie.pdf\">WAD2026plakatCZ_corr2 (kopie)<\/a><a href=\"https:\/\/www.accordion.cz\/sca\/wp-content\/uploads\/2026\/03\/WAD2026plakatCZ_corr2-kopie.pdf\" class=\"wp-block-file__button wp-element-button\" download aria-describedby=\"wp-block-file--media-6a82b038-4f35-4f05-ae25-e67ca8647735\">St\u00e1hnout<\/a><\/div>\n","protected":false},"excerpt":{"rendered":"","protected":false},"author":1,"featured_media":0,"comment_status":"open","ping_status":"open","sticky":false,"template":"","format":"standard","meta":{"footnotes":""},"categories":[1],"tags":[17,31],"class_list":["post-437","post","type-post","status-publish","format-standard","hentry","category-nezarazene","tag-koncert","tag-live-stream"],"_links":{"self":[{"href":"http:\/\/www.accordion.cz\/sca\/wp-json\/wp\/v2\/posts\/437","targetHints":{"allow":["GET"]}}],"collection":[{"href":"http:\/\/www.accordion.cz\/sca\/wp-json\/wp\/v2\/posts"}],"about":[{"href":"http:\/\/www.accordion.cz\/sca\/wp-json\/wp\/v2\/types\/post"}],"author":[{"embeddable":true,"href":"http:\/\/www.accordion.cz\/sca\/wp-json\/wp\/v2\/users\/1"}],"replies":[{"embeddable":true,"href":"http:\/\/www.accordion.cz\/sca\/wp-json\/wp\/v2\/comments?post=437"}],"version-history":[{"count":3,"href":"http:\/\/www.accordion.cz\/sca\/wp-json\/wp\/v2\/posts\/437\/revisions"}],"predecessor-version":[{"id":445,"href":"http:\/\/www.accordion.cz\/sca\/wp-json\/wp\/v2\/posts\/437\/revisions\/445"}],"wp:attachment":[{"href":"http:\/\/www.accordion.cz\/sca\/wp-json\/wp\/v2\/media?parent=437"}],"wp:term":[{"taxonomy":"category","embeddable":true,"href":"http:\/\/www.accordion.cz\/sca\/wp-json\/wp\/v2\/categories?post=437"},{"taxonomy":"post_tag","embeddable":true,"href":"http:\/\/www.accordion.cz\/sca\/wp-json\/wp\/v2\/tags?post=437"}],"curies":[{"name":"wp","href":"https:\/\/api.w.org\/{rel}","templated":true}]}}