{"id":418,"date":"2025-09-29T22:15:24","date_gmt":"2025-09-29T20:15:24","guid":{"rendered":"https:\/\/www.accordion.cz\/sca\/?p=418"},"modified":"2026-03-10T09:18:18","modified_gmt":"2026-03-10T08:18:18","slug":"11-mezinarodni-akordeonove-dny-v-praze","status":"publish","type":"post","link":"http:\/\/www.accordion.cz\/sca\/2025\/09\/29\/11-mezinarodni-akordeonove-dny-v-praze\/","title":{"rendered":"11. mezin\u00e1rodn\u00ed akordeonov\u00e9 dny v Praze"},"content":{"rendered":"\n<div data-wp-interactive=\"core\/file\" class=\"wp-block-file\"><object data-wp-bind--hidden=\"!state.hasPdfPreview\" hidden class=\"wp-block-file__embed\" data=\"https:\/\/www.accordion.cz\/sca\/wp-content\/uploads\/2025\/09\/MAD-2025.pdf\" type=\"application\/pdf\" style=\"width:100%;height:900px\" aria-label=\"Vlo\u017eit z MAD-2025.\"><\/object><a id=\"wp-block-file--media-ffc448da-df0d-4571-b5e0-87c4c2e8c1ad\" href=\"https:\/\/www.accordion.cz\/sca\/wp-content\/uploads\/2025\/09\/MAD-2025.pdf\">MAD-2025<\/a><a href=\"https:\/\/www.accordion.cz\/sca\/wp-content\/uploads\/2025\/09\/MAD-2025.pdf\" class=\"wp-block-file__button wp-element-button\" download aria-describedby=\"wp-block-file--media-ffc448da-df0d-4571-b5e0-87c4c2e8c1ad\">St\u00e1hnout<\/a><\/div>\n","protected":false},"excerpt":{"rendered":"","protected":false},"author":1,"featured_media":0,"comment_status":"open","ping_status":"open","sticky":false,"template":"","format":"standard","meta":{"footnotes":""},"categories":[6,22,5],"tags":[28],"class_list":["post-418","post","type-post","status-publish","format-standard","hentry","category-festivaly","category-koncert","category-souteze","tag-28"],"_links":{"self":[{"href":"http:\/\/www.accordion.cz\/sca\/wp-json\/wp\/v2\/posts\/418","targetHints":{"allow":["GET"]}}],"collection":[{"href":"http:\/\/www.accordion.cz\/sca\/wp-json\/wp\/v2\/posts"}],"about":[{"href":"http:\/\/www.accordion.cz\/sca\/wp-json\/wp\/v2\/types\/post"}],"author":[{"embeddable":true,"href":"http:\/\/www.accordion.cz\/sca\/wp-json\/wp\/v2\/users\/1"}],"replies":[{"embeddable":true,"href":"http:\/\/www.accordion.cz\/sca\/wp-json\/wp\/v2\/comments?post=418"}],"version-history":[{"count":1,"href":"http:\/\/www.accordion.cz\/sca\/wp-json\/wp\/v2\/posts\/418\/revisions"}],"predecessor-version":[{"id":420,"href":"http:\/\/www.accordion.cz\/sca\/wp-json\/wp\/v2\/posts\/418\/revisions\/420"}],"wp:attachment":[{"href":"http:\/\/www.accordion.cz\/sca\/wp-json\/wp\/v2\/media?parent=418"}],"wp:term":[{"taxonomy":"category","embeddable":true,"href":"http:\/\/www.accordion.cz\/sca\/wp-json\/wp\/v2\/categories?post=418"},{"taxonomy":"post_tag","embeddable":true,"href":"http:\/\/www.accordion.cz\/sca\/wp-json\/wp\/v2\/tags?post=418"}],"curies":[{"name":"wp","href":"https:\/\/api.w.org\/{rel}","templated":true}]}}