{"id":386,"date":"2024-11-06T10:00:08","date_gmt":"2024-11-06T09:00:08","guid":{"rendered":"http:\/\/www.accordion.cz\/sca\/?p=386"},"modified":"2024-11-06T10:01:26","modified_gmt":"2024-11-06T09:01:26","slug":"11-mezinarodni-akordeonove-dny-v-praze-2025","status":"publish","type":"post","link":"http:\/\/www.accordion.cz\/sca\/2024\/11\/06\/11-mezinarodni-akordeonove-dny-v-praze-2025\/","title":{"rendered":"11. Mezin\u00e1rodn\u00ed akordeonov\u00e9 dny v Praze 2025"},"content":{"rendered":"\n<p><strong>30. 10. \u2013 2. 11.<br>term\u00edn p\u0159ihl\u00e1\u0161ek: 23. 9. 202<\/strong>5<\/p>\n\n\n\n<figure class=\"wp-block-image size-full\"><img loading=\"lazy\" decoding=\"async\" width=\"960\" height=\"447\" src=\"http:\/\/www.accordion.cz\/sca\/wp-content\/uploads\/2024\/11\/baner_logo2.jpg\" alt=\"\" class=\"wp-image-389\" srcset=\"http:\/\/www.accordion.cz\/sca\/wp-content\/uploads\/2024\/11\/baner_logo2.jpg 960w, http:\/\/www.accordion.cz\/sca\/wp-content\/uploads\/2024\/11\/baner_logo2-300x140.jpg 300w, http:\/\/www.accordion.cz\/sca\/wp-content\/uploads\/2024\/11\/baner_logo2-768x358.jpg 768w, http:\/\/www.accordion.cz\/sca\/wp-content\/uploads\/2024\/11\/baner_logo2-624x291.jpg 624w\" sizes=\"auto, (max-width: 960px) 100vw, 960px\" \/><\/figure>\n\n\n\n<p>sout\u011b\u017en\u00ed hudebn\u00ed festival \u201e <a href=\"http:\/\/Www.accordion.cz\">Mezin\u00e1rodn\u00ed akordeonov\u00e9 dny v Praze<\/a>\u201c se bude konat od 30. \u0159\u00edjna do 2 listopadu 2025 v s\u00e1lech v centru hlavn\u00edho m\u011bsta. Spolupo\u0159adateli jsou Spole\u010dnost \u010desk\u00fdch akordeonist\u016f a koncertn\u00ed agentura CTA Praha .<br>Zahajovac\u00ed koncert s mezin\u00e1rodn\u00ed \u00fa\u010dast\u00ed se uskute\u010dn\u00ed ve \u010dtvrtek v s\u00e1le Um\u011bleckopr\u016fmyslov\u00e9ho muzea.\u00a0<br>V p\u00e1tek po prvn\u00edm dnu sout\u011b\u017ee junior\u016f se m\u016f\u017eeme t\u011b\u0161it na GALA koncert. V sobotu se uskute\u010dn\u00ed sout\u011b\u017en\u00ed vystoupen\u00ed senior\u016f, soubor\u016f a orchestr\u016f, kter\u00e9 bude zakon\u010deno koncertem laure\u00e1t\u016f.<\/p>\n\n\n\n<p>Festival i sout\u011b\u017e budou pro div\u00e1ky zdarma.<\/p>\n","protected":false},"excerpt":{"rendered":"<p>30. 10. \u2013 2. 11.term\u00edn p\u0159ihl\u00e1\u0161ek: 23. 9. 2025 sout\u011b\u017en\u00ed hudebn\u00ed festival \u201e Mezin\u00e1rodn\u00ed akordeonov\u00e9 dny v Praze\u201c se bude konat od 30. \u0159\u00edjna do 2 listopadu 2025 v s\u00e1lech v centru hlavn\u00edho m\u011bsta. Spolupo\u0159adateli jsou Spole\u010dnost \u010desk\u00fdch akordeonist\u016f a koncertn\u00ed agentura CTA Praha .Zahajovac\u00ed koncert s mezin\u00e1rodn\u00ed \u00fa\u010dast\u00ed se uskute\u010dn\u00ed ve \u010dtvrtek v s\u00e1le [&hellip;]<\/p>\n","protected":false},"author":1,"featured_media":0,"comment_status":"open","ping_status":"open","sticky":false,"template":"","format":"standard","meta":{"footnotes":""},"categories":[1],"tags":[],"class_list":["post-386","post","type-post","status-publish","format-standard","hentry","category-nezarazene"],"_links":{"self":[{"href":"http:\/\/www.accordion.cz\/sca\/wp-json\/wp\/v2\/posts\/386","targetHints":{"allow":["GET"]}}],"collection":[{"href":"http:\/\/www.accordion.cz\/sca\/wp-json\/wp\/v2\/posts"}],"about":[{"href":"http:\/\/www.accordion.cz\/sca\/wp-json\/wp\/v2\/types\/post"}],"author":[{"embeddable":true,"href":"http:\/\/www.accordion.cz\/sca\/wp-json\/wp\/v2\/users\/1"}],"replies":[{"embeddable":true,"href":"http:\/\/www.accordion.cz\/sca\/wp-json\/wp\/v2\/comments?post=386"}],"version-history":[{"count":2,"href":"http:\/\/www.accordion.cz\/sca\/wp-json\/wp\/v2\/posts\/386\/revisions"}],"predecessor-version":[{"id":390,"href":"http:\/\/www.accordion.cz\/sca\/wp-json\/wp\/v2\/posts\/386\/revisions\/390"}],"wp:attachment":[{"href":"http:\/\/www.accordion.cz\/sca\/wp-json\/wp\/v2\/media?parent=386"}],"wp:term":[{"taxonomy":"category","embeddable":true,"href":"http:\/\/www.accordion.cz\/sca\/wp-json\/wp\/v2\/categories?post=386"},{"taxonomy":"post_tag","embeddable":true,"href":"http:\/\/www.accordion.cz\/sca\/wp-json\/wp\/v2\/tags?post=386"}],"curies":[{"name":"wp","href":"https:\/\/api.w.org\/{rel}","templated":true}]}}