{"id":362,"date":"2024-04-17T12:48:29","date_gmt":"2024-04-17T10:48:29","guid":{"rendered":"http:\/\/www.accordion.cz\/sca\/?p=362"},"modified":"2024-11-06T09:50:21","modified_gmt":"2024-11-06T08:50:21","slug":"minifestival-v-ramci-svetoveho-dne-akordeonu-2024","status":"publish","type":"post","link":"http:\/\/www.accordion.cz\/sca\/2024\/04\/17\/minifestival-v-ramci-svetoveho-dne-akordeonu-2024\/","title":{"rendered":"Minifestival v r\u00e1mci sv\u011btov\u00e9ho dne akordeonu 2024"},"content":{"rendered":"\n<figure class=\"wp-block-image size-large\"><img loading=\"lazy\" decoding=\"async\" width=\"724\" height=\"1024\" src=\"http:\/\/www.accordion.cz\/sca\/wp-content\/uploads\/2024\/04\/WAD2024plakatCZ-724x1024.jpeg\" alt=\"\" class=\"wp-image-363\" srcset=\"http:\/\/www.accordion.cz\/sca\/wp-content\/uploads\/2024\/04\/WAD2024plakatCZ-724x1024.jpeg 724w, http:\/\/www.accordion.cz\/sca\/wp-content\/uploads\/2024\/04\/WAD2024plakatCZ-212x300.jpeg 212w, http:\/\/www.accordion.cz\/sca\/wp-content\/uploads\/2024\/04\/WAD2024plakatCZ-768x1086.jpeg 768w, http:\/\/www.accordion.cz\/sca\/wp-content\/uploads\/2024\/04\/WAD2024plakatCZ-1086x1536.jpeg 1086w, http:\/\/www.accordion.cz\/sca\/wp-content\/uploads\/2024\/04\/WAD2024plakatCZ-1448x2048.jpeg 1448w, http:\/\/www.accordion.cz\/sca\/wp-content\/uploads\/2024\/04\/WAD2024plakatCZ-624x883.jpeg 624w, http:\/\/www.accordion.cz\/sca\/wp-content\/uploads\/2024\/04\/WAD2024plakatCZ.jpeg 1587w\" sizes=\"auto, (max-width: 724px) 100vw, 724px\" \/><\/figure>\n","protected":false},"excerpt":{"rendered":"","protected":false},"author":1,"featured_media":0,"comment_status":"open","ping_status":"open","sticky":false,"template":"","format":"standard","meta":{"footnotes":""},"categories":[6],"tags":[],"class_list":["post-362","post","type-post","status-publish","format-standard","hentry","category-festivaly"],"_links":{"self":[{"href":"http:\/\/www.accordion.cz\/sca\/wp-json\/wp\/v2\/posts\/362","targetHints":{"allow":["GET"]}}],"collection":[{"href":"http:\/\/www.accordion.cz\/sca\/wp-json\/wp\/v2\/posts"}],"about":[{"href":"http:\/\/www.accordion.cz\/sca\/wp-json\/wp\/v2\/types\/post"}],"author":[{"embeddable":true,"href":"http:\/\/www.accordion.cz\/sca\/wp-json\/wp\/v2\/users\/1"}],"replies":[{"embeddable":true,"href":"http:\/\/www.accordion.cz\/sca\/wp-json\/wp\/v2\/comments?post=362"}],"version-history":[{"count":1,"href":"http:\/\/www.accordion.cz\/sca\/wp-json\/wp\/v2\/posts\/362\/revisions"}],"predecessor-version":[{"id":364,"href":"http:\/\/www.accordion.cz\/sca\/wp-json\/wp\/v2\/posts\/362\/revisions\/364"}],"wp:attachment":[{"href":"http:\/\/www.accordion.cz\/sca\/wp-json\/wp\/v2\/media?parent=362"}],"wp:term":[{"taxonomy":"category","embeddable":true,"href":"http:\/\/www.accordion.cz\/sca\/wp-json\/wp\/v2\/categories?post=362"},{"taxonomy":"post_tag","embeddable":true,"href":"http:\/\/www.accordion.cz\/sca\/wp-json\/wp\/v2\/tags?post=362"}],"curies":[{"name":"wp","href":"https:\/\/api.w.org\/{rel}","templated":true}]}}