{"id":286,"date":"2022-03-16T11:39:15","date_gmt":"2022-03-16T10:39:15","guid":{"rendered":"http:\/\/www.accordion.cz\/sca\/?p=286"},"modified":"2022-03-16T11:40:32","modified_gmt":"2022-03-16T10:40:32","slug":"akordeonova-soutez-v-dobranech","status":"publish","type":"post","link":"http:\/\/www.accordion.cz\/sca\/2022\/03\/16\/akordeonova-soutez-v-dobranech\/","title":{"rendered":"Akordeonov\u00e1 sout\u011b\u017e v Dob\u0159anech"},"content":{"rendered":"\n<p>Akordeonov\u00e1 sout\u011b\u017e v\u00a0Dob\u0159anech s\u00a0v\u00fdb\u011brem kandid\u00e1t\u016f pro sout\u011b\u017ee organizace CMA.<\/p>\n\n\n\n<p>Podm\u00ednky sout\u011b\u017ee:<\/p>\n\n\n\n<p><a href=\"https:\/\/www.accordiondobrany.eu\/akordeonova-soutez-s-vyberem-kandidatu-pro-cma\/soutezni-podminky\" target=\"_blank\" rel=\"noreferrer noopener\">https:\/\/www.accordiondobrany.eu\/akordeonova-soutez-s-vyberem-kandidatu-pro-cma\/soutezni-podminky<\/a><\/p>\n\n\n\n<p><span class=\"has-inline-color has-vivid-red-color\">Term\u00edn pro pod\u00e1n\u00ed p\u0159ihl\u00e1\u0161ky do 30. 4. 2022<\/span><\/p>\n","protected":false},"excerpt":{"rendered":"<p>Akordeonov\u00e1 sout\u011b\u017e v\u00a0Dob\u0159anech s\u00a0v\u00fdb\u011brem kandid\u00e1t\u016f pro sout\u011b\u017ee organizace CMA. Podm\u00ednky sout\u011b\u017ee: https:\/\/www.accordiondobrany.eu\/akordeonova-soutez-s-vyberem-kandidatu-pro-cma\/soutezni-podminky Term\u00edn pro pod\u00e1n\u00ed p\u0159ihl\u00e1\u0161ky do 30. 4. 2022<\/p>\n","protected":false},"author":1,"featured_media":288,"comment_status":"open","ping_status":"open","sticky":false,"template":"","format":"standard","meta":{"footnotes":""},"categories":[1],"tags":[],"class_list":["post-286","post","type-post","status-publish","format-standard","has-post-thumbnail","hentry","category-nezarazene"],"_links":{"self":[{"href":"http:\/\/www.accordion.cz\/sca\/wp-json\/wp\/v2\/posts\/286","targetHints":{"allow":["GET"]}}],"collection":[{"href":"http:\/\/www.accordion.cz\/sca\/wp-json\/wp\/v2\/posts"}],"about":[{"href":"http:\/\/www.accordion.cz\/sca\/wp-json\/wp\/v2\/types\/post"}],"author":[{"embeddable":true,"href":"http:\/\/www.accordion.cz\/sca\/wp-json\/wp\/v2\/users\/1"}],"replies":[{"embeddable":true,"href":"http:\/\/www.accordion.cz\/sca\/wp-json\/wp\/v2\/comments?post=286"}],"version-history":[{"count":1,"href":"http:\/\/www.accordion.cz\/sca\/wp-json\/wp\/v2\/posts\/286\/revisions"}],"predecessor-version":[{"id":287,"href":"http:\/\/www.accordion.cz\/sca\/wp-json\/wp\/v2\/posts\/286\/revisions\/287"}],"wp:featuredmedia":[{"embeddable":true,"href":"http:\/\/www.accordion.cz\/sca\/wp-json\/wp\/v2\/media\/288"}],"wp:attachment":[{"href":"http:\/\/www.accordion.cz\/sca\/wp-json\/wp\/v2\/media?parent=286"}],"wp:term":[{"taxonomy":"category","embeddable":true,"href":"http:\/\/www.accordion.cz\/sca\/wp-json\/wp\/v2\/categories?post=286"},{"taxonomy":"post_tag","embeddable":true,"href":"http:\/\/www.accordion.cz\/sca\/wp-json\/wp\/v2\/tags?post=286"}],"curies":[{"name":"wp","href":"https:\/\/api.w.org\/{rel}","templated":true}]}}