{"id":277,"date":"2022-03-16T11:25:06","date_gmt":"2022-03-16T10:25:06","guid":{"rendered":"http:\/\/www.accordion.cz\/sca\/?p=277"},"modified":"2022-03-16T11:32:25","modified_gmt":"2022-03-16T10:32:25","slug":"akordeonova-akademie-2022","status":"publish","type":"post","link":"http:\/\/www.accordion.cz\/sca\/2022\/03\/16\/akordeonova-akademie-2022\/","title":{"rendered":"AKORDEONOV\u00c1 AKADEMIE 2022"},"content":{"rendered":"\n<p>V Sobotu 4. \u010dervna 2022 od 10 hodin v&nbsp;Koncertn\u00edm s\u00e1le konzervato\u0159e&nbsp;<\/p>\n\n\n\n<p>host Marco Gemelli -\u0161pi\u010dkov\u00fd s\u00f3lista na bandoneon, t\u00e9ma semin\u00e1\u0159e \u2013 Akordeon a tango (nejen argentinsk\u00e9), koncert Marco Gemelli (bandoneon, It\u00e1lie) a \u0160ev\u010d\u00edkovo smy\u010dcov\u00e9 kvarteto<\/p>\n\n\n\n<div class=\"wp-block-file\"><a href=\"http:\/\/www.accordion.cz\/sca\/wp-content\/uploads\/2022\/03\/Pozvanka-na-seminar-Marco-Gemelli.doc\">P\u0159ihl\u00e1\u0161ka<\/a><a href=\"http:\/\/www.accordion.cz\/sca\/wp-content\/uploads\/2022\/03\/Pozvanka-na-seminar-Marco-Gemelli.doc\" class=\"wp-block-file__button\" download>St\u00e1hnout<\/a><\/div>\n\n\n\n<p><span class=\"has-inline-color has-vivid-red-color\">Term\u00edn pro zasl\u00e1n\u00ed p\u0159ihl\u00e1\u0161ek je 20. kv\u011btna 2022 vzhledem k omezen\u00e9 kapacit\u011b s\u00e1lu!<\/span><\/p>\n","protected":false},"excerpt":{"rendered":"<p>V Sobotu 4. \u010dervna 2022 od 10 hodin v&nbsp;Koncertn\u00edm s\u00e1le konzervato\u0159e&nbsp; host Marco Gemelli -\u0161pi\u010dkov\u00fd s\u00f3lista na bandoneon, t\u00e9ma semin\u00e1\u0159e \u2013 Akordeon a tango (nejen argentinsk\u00e9), koncert Marco Gemelli (bandoneon, It\u00e1lie) a \u0160ev\u010d\u00edkovo smy\u010dcov\u00e9 kvarteto Term\u00edn pro zasl\u00e1n\u00ed p\u0159ihl\u00e1\u0161ek je 20. kv\u011btna 2022 vzhledem k omezen\u00e9 kapacit\u011b s\u00e1lu!<\/p>\n","protected":false},"author":1,"featured_media":278,"comment_status":"open","ping_status":"open","sticky":false,"template":"","format":"standard","meta":{"footnotes":""},"categories":[1],"tags":[],"class_list":["post-277","post","type-post","status-publish","format-standard","has-post-thumbnail","hentry","category-nezarazene"],"_links":{"self":[{"href":"http:\/\/www.accordion.cz\/sca\/wp-json\/wp\/v2\/posts\/277","targetHints":{"allow":["GET"]}}],"collection":[{"href":"http:\/\/www.accordion.cz\/sca\/wp-json\/wp\/v2\/posts"}],"about":[{"href":"http:\/\/www.accordion.cz\/sca\/wp-json\/wp\/v2\/types\/post"}],"author":[{"embeddable":true,"href":"http:\/\/www.accordion.cz\/sca\/wp-json\/wp\/v2\/users\/1"}],"replies":[{"embeddable":true,"href":"http:\/\/www.accordion.cz\/sca\/wp-json\/wp\/v2\/comments?post=277"}],"version-history":[{"count":4,"href":"http:\/\/www.accordion.cz\/sca\/wp-json\/wp\/v2\/posts\/277\/revisions"}],"predecessor-version":[{"id":285,"href":"http:\/\/www.accordion.cz\/sca\/wp-json\/wp\/v2\/posts\/277\/revisions\/285"}],"wp:featuredmedia":[{"embeddable":true,"href":"http:\/\/www.accordion.cz\/sca\/wp-json\/wp\/v2\/media\/278"}],"wp:attachment":[{"href":"http:\/\/www.accordion.cz\/sca\/wp-json\/wp\/v2\/media?parent=277"}],"wp:term":[{"taxonomy":"category","embeddable":true,"href":"http:\/\/www.accordion.cz\/sca\/wp-json\/wp\/v2\/categories?post=277"},{"taxonomy":"post_tag","embeddable":true,"href":"http:\/\/www.accordion.cz\/sca\/wp-json\/wp\/v2\/tags?post=277"}],"curies":[{"name":"wp","href":"https:\/\/api.w.org\/{rel}","templated":true}]}}